[{"@context":"https:\/\/schema.org\/","@type":"Article","@id":"https:\/\/www.cprza.sk\/stastie-je-krehky-motyl\/#Article","mainEntityOfPage":"https:\/\/www.cprza.sk\/stastie-je-krehky-motyl\/","headline":"\u0160\u0165astie je krehk\u00fd mot\u00fd\u013e","name":"\u0160\u0165astie je krehk\u00fd mot\u00fd\u013e","description":"Zvykne sa vravieva\u0165, \u017ee \u0161\u0165astie je krehk\u00fd mot\u00fd\u013e ktor\u00e9ho nem\u00f4\u017eeme dr\u017ea\u0165 ani moc silno, preto\u017ee by sme mu mohli \u013eahko ubl\u00ed\u017ei\u0165, ale ani moc slabo, preto\u017ee by n\u00e1m mohol \u013eahko uletie\u0165,. Mus\u00edme teda n\u00e1js\u0165 zlat\u00fa stredn\u00fa cestu a harm\u00f3niu,aby bol n\u00e1\u0161 \u017eivot vyrovnan\u00fd. Aj ke\u010f sa sna\u017e\u00edme zl\u00e9mu silou-mocou vyh\u00fdba\u0165, nie v\u017edy sa to d\u00e1 [&hellip;]","datePublished":"2018-07-04","dateModified":"2023-04-26","author":{"@type":"Person","@id":"https:\/\/www.cprza.sk\/author\/#Person","name":"","url":"https:\/\/www.cprza.sk\/author\/","identifier":1,"image":{"@type":"ImageObject","@id":"https:\/\/secure.gravatar.com\/avatar\/7ca2d940d0ae3b24fc759c0201b34a0f70fe6611e5abefd5978e89211a09cdfd?s=96&d=mm&r=g","url":"https:\/\/secure.gravatar.com\/avatar\/7ca2d940d0ae3b24fc759c0201b34a0f70fe6611e5abefd5978e89211a09cdfd?s=96&d=mm&r=g","height":96,"width":96}},"publisher":{"@type":"Organization","name":"cprza.sk","logo":{"@type":"ImageObject","@id":"\/logo.png","url":"\/logo.png","width":600,"height":60}},"image":{"@type":"ImageObject","@id":"https:\/\/www.cprza.sk\/wp-content\/uploads\/img_a290738_w16554_t1536070558.jpg","url":"https:\/\/www.cprza.sk\/wp-content\/uploads\/img_a290738_w16554_t1536070558.jpg","height":0,"width":0},"url":"https:\/\/www.cprza.sk\/stastie-je-krehky-motyl\/","wordCount":413,"articleBody":"Zvykne sa vravieva\u0165, \u017ee \u0161\u0165astie je krehk\u00fd mot\u00fd\u013e ktor\u00e9ho nem\u00f4\u017eeme dr\u017ea\u0165 ani moc silno, preto\u017ee by sme mu mohli \u013eahko ubl\u00ed\u017ei\u0165, ale ani moc slabo, preto\u017ee by n\u00e1m mohol \u013eahko uletie\u0165,. Mus\u00edme teda n\u00e1js\u0165 zlat\u00fa stredn\u00fa cestu a harm\u00f3niu,aby bol n\u00e1\u0161 \u017eivot vyrovnan\u00fd. Aj ke\u010f sa sna\u017e\u00edme zl\u00e9mu silou-mocou vyh\u00fdba\u0165, nie v\u017edy sa to d\u00e1 a \u010do je hlavn\u00e9, nie v\u017edy je to \u00faplne dobre. \u010ci u\u017e tomu toti\u017eto chcete, alebo nechcete veri\u0165, bez zl\u00e9ho by nemohlo by\u0165 dobr\u00e9, bez vyrovnanosti by sme si nevedeli v\u00e1\u017ei\u0165 ni\u010doho vz\u00e1cneho v \u017eivote, preto\u017ee by vlastne ni\u010d vz\u00e1cne neexistovalo. Len si to predstavte, je to ve\u013emi jednoduch\u00e9. Ak by bolo iba dobr\u00e9, nevedeli by sme predsa, \u017ee je to dobr\u00e9, preto\u017ee by to nemalo protiklad, a teda by ni\u010d nemalo \u017eiadnu hodnotu. Keby teda nie je na svete sm\u00fatku, nebolo by radosti. Mo\u017eno v\u00e1s to sklamalo, mo\u017eno zasa prekvapilo a mo\u017eno aj trochu pote\u0161ilo. Nezost\u00e1va n\u00e1m teda ni\u010d in\u00e9, ako v\u0161etko \u010do v\u00e1m pr\u00edde do \u017eivota jednoducho prija\u0165 a s \u00fasmevom na per\u00e1ch \u00eds\u0165 \u010falej. Nie z pr\u00edjemn\u00fdch, ale z nepr\u00edjemn\u00fdch z\u00e1\u017eitkov sa v \u017eivote u\u010d\u00edme a rastieme. Je to da\u0148 \u017eivota za to, aby sme si mohli zasl\u00fa\u017eene \u010fal\u0161ie chv\u00edle u\u017e\u00edva\u0165. Utrpenie v \u017eivote teda upev\u0148uje na\u0161u v\u00f4\u013eu, zvy\u0161uje na\u0161e \u017eivotn\u00e9 hodnoty a d\u00e1va n\u00e1m aj v\u00e4\u010d\u0161\u00ed pocit radosti. \u010c\u00edm viac si v \u017eivote vytrp\u00edte, t\u00fdm viac si viete u\u017e\u00edva\u0165 \u0161\u0165astn\u00e9 chv\u00edle. Je to v\u0161etko jedna ve\u013ek\u00e9 sklada\u010dka, jedno sa navz\u00e1jom ovplyv\u0148uje z druh\u00fdm, z \u010doho vznik\u00e1 nie\u010do v\u00e4\u010d\u0161ie, pre v\u00e4\u010d\u0161\u00ed prospech viacer\u00fdch \u013eud\u00ed. Preto ste raz v \u017eivote hore a te\u0161\u00edte sa z ka\u017edu\u010dk\u00e9ho d\u0148a, ale z \u010dasu na \u010das pr\u00edde obdobie da\u017e\u010fov, kedy m\u00e1te pocit, \u017ee v\u0161etko a v\u0161etci s\u00fa proti v\u00e1m. Tak to v\u0161ak nie je, je to potrebn\u00e9 pre vyrovnanos\u0165 \u017eivota. Ke\u010f pochop\u00edte tento jednoduch\u00fd vzorec \u017eivota, pochop\u00edte viac vec\u00ed a teda sa u\u017e nebudete nad niektor\u00fdmi to\u013eko roz\u010du\u013eova\u0165. nezab\u00fadajte, \u017ee ste presne tam, kde m\u00e1te by\u0165 a presne tam aj smerujete.                                                                                                                                                                                                                                                                                                                                                                                         3.3\/5 - (3 votes)        "},{"@context":"https:\/\/schema.org\/","@type":"BreadcrumbList","itemListElement":[{"@type":"ListItem","position":1,"name":"\u0160\u0165astie je krehk\u00fd mot\u00fd\u013e","item":"https:\/\/www.cprza.sk\/stastie-je-krehky-motyl\/#breadcrumbitem"}]}]