[{"@context":"https:\/\/schema.org\/","@type":"Article","@id":"https:\/\/www.cprza.sk\/probiotika-pre-urcite-skupiny-ludi\/#Article","mainEntityOfPage":"https:\/\/www.cprza.sk\/probiotika-pre-urcite-skupiny-ludi\/","headline":"Probiotik\u00e1 pre ur\u010dit\u00e9 skupiny \u013eud\u00ed","name":"Probiotik\u00e1 pre ur\u010dit\u00e9 skupiny \u013eud\u00ed","description":"Lieky a v\u00fd\u017eivov\u00e9 doplnky, ktor\u00fdch \u00falohou je udr\u017eiava\u0165 balans medzi po\u010dtom pozit\u00edvnych a negat\u00edvnych bakt\u00e9ri\u00ed v \u017eal\u00fado\u010dnej mikrofl\u00f3re, sa naz\u00fdvaj\u00fa probiotik\u00e1. Pri vzniku disharm\u00f3nie medzi t\u00fdmito dvoma druhmi bakt\u00e9ri\u00ed, \u017eij\u00facich v \u013eudskom \u017eal\u00fadku, nast\u00e1vaj\u00fa nepr\u00edjemnosti vo forme bolest\u00ed, za\u017e\u00edvac\u00edch a tr\u00e1viacich probl\u00e9mov, hna\u010diek, z\u00e1pchy a in\u00fdch sympt\u00f3mov. Vyrie\u0161i\u0165 dok\u00e1\u017eu v\u0161ak aj in\u00e9 neduhy, ktor\u00e9 s\u00favisia [&hellip;]","datePublished":"2021-11-17","dateModified":"2023-04-26","author":{"@type":"Person","@id":"https:\/\/www.cprza.sk\/author\/#Person","name":"","url":"https:\/\/www.cprza.sk\/author\/","identifier":1,"image":{"@type":"ImageObject","@id":"https:\/\/secure.gravatar.com\/avatar\/7ca2d940d0ae3b24fc759c0201b34a0f70fe6611e5abefd5978e89211a09cdfd?s=96&d=mm&r=g","url":"https:\/\/secure.gravatar.com\/avatar\/7ca2d940d0ae3b24fc759c0201b34a0f70fe6611e5abefd5978e89211a09cdfd?s=96&d=mm&r=g","height":96,"width":96}},"publisher":{"@type":"Organization","name":"cprza.sk","logo":{"@type":"ImageObject","@id":"\/logo.png","url":"\/logo.png","width":600,"height":60}},"image":{"@type":"ImageObject","@id":"https:\/\/www.cprza.sk\/wp-content\/uploads\/Probiotik%C3%A1%20na%20tr%C3%A1venie.jpg","url":"https:\/\/www.cprza.sk\/wp-content\/uploads\/Probiotik%C3%A1%20na%20tr%C3%A1venie.jpg","height":0,"width":0},"url":"https:\/\/www.cprza.sk\/probiotika-pre-urcite-skupiny-ludi\/","about":["Tovar"],"wordCount":447,"articleBody":"   Lieky a v\u00fd\u017eivov\u00e9 doplnky, ktor\u00fdch \u00falohou je udr\u017eiava\u0165 balans medzi po\u010dtom pozit\u00edvnych a negat\u00edvnych bakt\u00e9ri\u00ed v \u017eal\u00fado\u010dnej mikrofl\u00f3re, sa naz\u00fdvaj\u00fa probiotik\u00e1. Pri vzniku disharm\u00f3nie medzi t\u00fdmito dvoma druhmi bakt\u00e9ri\u00ed, \u017eij\u00facich v \u013eudskom \u017eal\u00fadku, nast\u00e1vaj\u00fa nepr\u00edjemnosti vo forme bolest\u00ed, za\u017e\u00edvac\u00edch a tr\u00e1viacich probl\u00e9mov, hna\u010diek, z\u00e1pchy a in\u00fdch sympt\u00f3mov. Vyrie\u0161i\u0165 dok\u00e1\u017eu v\u0161ak aj in\u00e9 neduhy, ktor\u00e9 s\u00favisia s vyrovnan\u00fdm mno\u017estvom dobr\u00fdch a zl\u00fdch mikroorganizmov, nach\u00e1dzaj\u00facich sa v tr\u00e1viacej s\u00fastave. V\u00e4\u010d\u0161inou ich lek\u00e1ri odpor\u00fa\u010daj\u00fa bra\u0165 po chorobe, hlavne v tom pr\u00edpade, ke\u010f ste po\u010das nej u\u017e\u00edvali antibiotik\u00e1, ktor\u00e9 v\u00e1m vedia poriadne rozh\u00e1dza\u0165 stav vo va\u0161om tr\u00e1viacom trakte. Pokojne si ich v\u0161ak m\u00f4\u017eete da\u0165, aj ak ste zjedli nie\u010do \u010do v\u00e1m nesadlo a \u0165a\u017e\u00ed v\u00e1s to na \u017eal\u00fadku. Pod\u013ea toho pre ak\u00fa skupinu \u013eud\u00ed a na ak\u00fd probl\u00e9m s\u00fa ur\u010den\u00e9, sa delia na klasick\u00e9 probiotik\u00e1, probiotik\u00e1 pre \u017eeny, probiotik\u00e1 pre \u013eud\u00ed s alergiami a intoleranciami na lakt\u00f3zu alebo lepok, \u010di probiotik\u00e1 pre deti.Pre t\u00fdch najmen\u0161\u00edch sa probiotik\u00e1 u\u017e\u00edvaj\u00fa \u010dasto u\u017e v prv\u00fdch mesiacoch ich \u017eivota, preto\u017ee mal\u00e9 b\u00e1b\u00e4tk\u00e1 maj\u00fa ve\u013emi h\u00e1kliv\u00e9 bru\u0161k\u00e1. Dokonca ich \u017eal\u00fadok m\u00f4\u017ee ovplyvni\u0165 aj strava matky po\u010das tehotenstva, preto je d\u00f4le\u017eit\u00e9 sa v priebehu cel\u00e9ho tehotenstva sna\u017ei\u0165 stravova\u0165 vyv\u00e1\u017eene a dba\u0165 na potraviny, ktor\u00e9 jete. To, \u017ee va\u0161e die\u0165a m\u00e1 probl\u00e9my s nerovnov\u00e1hou probiot\u00edk si viete v\u0161imn\u00fa\u0165 v\u010faka pr\u00edznakom, ktor\u00fdmi s\u00fa hna\u010dka, kolika, ekz\u00e9my, vyr\u00e1\u017eky alebo z\u00e1pcha. Na lep\u0161ie u\u017e\u00edvanie probiot\u00edk sa pre novorodencov vyr\u00e1baj\u00fa v tekutom skupenstve a pod\u00e1vaj\u00fa sa potom ako kvapky. Pre v\u00e4\u010d\u0161ie deti sa robia v cukr\u00edkovej forme, ktor\u00fa m\u00f4\u017eu rozhr\u00fdz\u0165 alebo cm\u00fa\u013ea\u0165, pr\u00edpadne ak nemaj\u00fa probl\u00e9m s preh\u013atan\u00edm, vyr\u00e1baj\u00fa sa aj klasick\u00e9 tablety a kapsule na zap\u00edjanie vodou. V\u00fdznamn\u00e9 je dop\u013a\u0148a\u0165 stravu o probiotik\u00e1 hlavne pri b\u00e1b\u00e4tk\u00e1ch, ktor\u00e9 sa narodili pr\u00edli\u0161 skoro alebo de\u0165om, ktor\u00e9 neboli k\u0155men\u00e9 matersk\u00fdm mliekom, preto\u017ee m\u00e1vaj\u00fa dr\u00e1\u017ediv\u00e9 tr\u00e1venie. Deti m\u00f4\u017eu u\u017e\u00edva\u0165 probiotik\u00e1 aj, ak im chcete zv\u00fd\u0161i\u0165 a zlep\u0161i\u0165 imunitn\u00fd syst\u00e9m, ale o podrobnostiach d\u00e1vkovania v akomko\u013evek pr\u00edpade, by ste sa mali poradi\u0165 s detsk\u00fdm lek\u00e1rom.                                                                                                                                                                                                                                                                                                                                                                                          4.3\/5 - (10 votes)        "},{"@context":"https:\/\/schema.org\/","@type":"BreadcrumbList","itemListElement":[{"@type":"ListItem","position":1,"name":"Probiotik\u00e1 pre ur\u010dit\u00e9 skupiny \u013eud\u00ed","item":"https:\/\/www.cprza.sk\/probiotika-pre-urcite-skupiny-ludi\/#breadcrumbitem"}]}]